{"id":169623,"date":"2024-03-21T10:00:39","date_gmt":"2024-03-21T10:00:39","guid":{"rendered":"https:\/\/insideyoga.org\/blog\/disney-day-at-the-european-summit\/"},"modified":"2024-05-08T12:44:21","modified_gmt":"2024-05-08T12:44:21","slug":"disney-day-at-the-european-summit","status":"publish","type":"post","link":"https:\/\/insideyoga.org\/de\/blog\/disney-day-at-the-european-summit\/","title":{"rendered":"Disney Day beim European Summit auf Mallorca, Spanien"},"content":{"rendered":"\n<h2 class=\"wp-block-heading\">Nur noch 2 Monate bis die Inside Flow Community beim European Summit zusammen flowed!<\/h2>\n\n\n\n<p>Nach mehreren kreativen Brainstormings ist die Entscheidung gefallen: Es gibt so viele Disney-Songs, die sich perfekt zum Mitsingen eignen, dass ein ganzer Tag ganz im Zeichen von Disney stehen soll. Wenn du letztes Jahr dabei warst, erinnerst du dich wahrscheinlich an unseren 90er-Tag. Die Inside Flows, die du von den Senior und Pro Teachers gelernt hast, waren alle zu Songs aus den 90ern, ebenso wie ihre Build-up-Playlists. Und die Inside Flows, die w\u00e4hrend der Junior Teacher Group Challenges erstellt wurden, waren es auch. Die Vorfreude auf den Disney Day ist riesig.<\/p>\n\n\n\n<!-- IMAGE 16:9 -->\n<div class=\"image-wrapper\">\n<div class=\"aspectratio\" data-ratio=\"16:9\" position=\"bottom\">\n  <div>\n   <img decoding=\"async\" src=\"https:\/\/insideyoga.org\/wp-content\/uploads\/2024\/05\/magazine-1920-x-1080-1.jpg\">\n  <\/div>\n<\/div>\n\n<!-- CAPTION -->\n<p class=\"caption\">Senior Teacher Rebecca und ihre Inside Flow Magie.<i> Photo by Yongsubi.<\/i><\/p>\n<\/div>\n\n\n\n<h2 class=\"wp-block-heading\">Welche Neuigkeiten f\u00fcr das diesj\u00e4hrige Highlight gibt es?<\/h2>\n\n\n\n<ul class=\"wp-block-list\">\n<li>Der Veranstaltungsort erh\u00e4lt ein Upgrade und bietet Platz f\u00fcr noch mehr Inside Flow Lovers!<\/li>\n\n\n\n<li>Pro Teacher Alexey ist dieses Jahr wieder dabei!<\/li>\n\n\n\n<li>Senior Teacher Tora reist extra aus Korea an, um mit uns gemeinsam zu flowen!<\/li>\n\n\n\n<li>DJ Alessio hat uns auf Bali mit seiner Playlist und seiner Energie umgehauen &#8211; er wird auch auf Mallorca dabei sein!<\/li>\n\n\n\n<li>Einen Disney Day!<\/li>\n<\/ul>\n\n\n\n<h2 class=\"wp-block-heading\">Flow mit uns mit \u2013 von deinem Zuhause<\/h2>\n\n\n\n<p>Aufgrund des positiven Feedbacks vom letzten Jahr bietet das Inside Team wieder einen Online Stream als Option an. Es ist die perfekte M\u00f6glichkeit, mit der globalen Community zu flowen, f\u00fcr alle, die sich z.B. nicht eine ganze Woche von Arbeit und Familie freinehmen k\u00f6nnen, oder denen eine ganze Woche Inside Flow von morgens bis nachmittags k\u00f6rperlich zu anstrengend ist.<\/p>\n\n\n\n<!-- IMAGE 16:9 -->\n<div class=\"image-wrapper\">\n<div class=\"aspectratio\" data-ratio=\"16:9\" position=\"bottom\">\n  <div>\n   <img decoding=\"async\" src=\"https:\/\/insideyoga.org\/wp-content\/uploads\/2024\/05\/magazine-1920-x-1080.jpg\">\n  <\/div>\n<\/div>\n\n<!-- CAPTION -->\n<p class=\"caption\">Die B\u00fchne mit Young Ho Kim, den Pro und Senior Teachers ist auch w\u00e4hrend des Online Streams gut sichtbar.<i> Photo by Yongsubi.<\/i><\/p>\n<\/div>\n\n\n\n<p>W\u00e4hrend der sechs Tage des Inside Flow Mallorca Summits ist es m\u00f6glich, einen 3-, 5- oder All-Session-Pass zu erwerben, um an bis zu neun Live-Sessions um 10 Uhr (UTC+2) oder 16 Uhr (UTC+2) teilzunehmen. An fast jedem Tag werden 2 Session angeboten \u2013 au\u00dfer Tag 4 muss ohne Livestreams auskommen und am letzten Tag 6 gibt es nur einer allerletzte Live Session um 15 Uhr (UTC+2). Die Teacher f\u00fcr die Sessions werden zwei Wochen vor dem Summit bekannt gegeben.<\/p>\n\n\n\n<p>Mehr Infos hier: <a href=\"https:\/\/tintyoga.com\/events\/inside-flow-mallorca-summit-2024-online-stream\/\">https:\/\/tintyoga.com\/mallorca<\/a><\/p>\n\n\n\n<h2 class=\"wp-block-heading\"><\/h2>\n","protected":false},"excerpt":{"rendered":"<p>Nur noch 2 Monate bis die Inside Flow Community beim European Summit zusammen flowed! Nach mehreren kreativen Brainstormings ist die Entscheidung gefallen: Es gibt so viele Disney-Songs, die sich perfekt zum Mitsingen eignen, dass ein ganzer Tag ganz im Zeichen von Disney stehen soll. Wenn du letztes Jahr dabei warst, erinnerst du dich wahrscheinlich an [&hellip;]<\/p>\n","protected":false},"author":13,"featured_media":169624,"comment_status":"open","ping_status":"open","sticky":false,"template":"","format":"standard","meta":{"_acf_changed":false,"_et_pb_use_builder":"","_et_pb_old_content":"","_et_gb_content_width":"","footnotes":""},"categories":[109],"tags":[],"class_list":["post-169623","post","type-post","status-publish","format-standard","has-post-thumbnail","hentry","category-news"],"acf":[],"yoast_head":"<!-- This site is optimized with the Yoast SEO plugin v27.3 - https:\/\/yoast.com\/product\/yoast-seo-wordpress\/ -->\n<title>Disney Day beim European Summit auf Mallorca, Spanien - insideyoga.org<\/title>\n<meta name=\"robots\" content=\"index, follow, max-snippet:-1, max-image-preview:large, max-video-preview:-1\" \/>\n<link rel=\"canonical\" href=\"https:\/\/insideyoga.org\/blog\/disney-day-at-the-european-summit\/\" \/>\n<meta property=\"og:locale\" content=\"de_DE\" \/>\n<meta property=\"og:type\" content=\"article\" \/>\n<meta property=\"og:title\" content=\"Disney Day beim European Summit auf Mallorca, Spanien - insideyoga.org\" \/>\n<meta property=\"og:description\" content=\"Nur noch 2 Monate bis die Inside Flow Community beim European Summit zusammen flowed! Nach mehreren kreativen Brainstormings ist die Entscheidung gefallen: Es gibt so viele Disney-Songs, die sich perfekt zum Mitsingen eignen, dass ein ganzer Tag ganz im Zeichen von Disney stehen soll. Wenn du letztes Jahr dabei warst, erinnerst du dich wahrscheinlich an [&hellip;]\" \/>\n<meta property=\"og:url\" content=\"https:\/\/insideyoga.org\/blog\/disney-day-at-the-european-summit\/\" \/>\n<meta property=\"og:site_name\" content=\"insideyoga.org\" \/>\n<meta property=\"article:published_time\" content=\"2024-03-21T10:00:39+00:00\" \/>\n<meta property=\"article:modified_time\" content=\"2024-05-08T12:44:21+00:00\" \/>\n<meta property=\"og:image\" content=\"https:\/\/insideyoga.org\/wp-content\/uploads\/2024\/03\/Header-Image-Inside-Magazine.jpg\" \/>\n\t<meta property=\"og:image:width\" content=\"1350\" \/>\n\t<meta property=\"og:image:height\" content=\"724\" \/>\n\t<meta property=\"og:image:type\" content=\"image\/jpeg\" \/>\n<meta name=\"author\" content=\"saskia-insideflow\" \/>\n<meta name=\"twitter:card\" content=\"summary_large_image\" \/>\n<meta name=\"twitter:label1\" content=\"Verfasst von\" \/>\n\t<meta name=\"twitter:data1\" content=\"saskia-insideflow\" \/>\n\t<meta name=\"twitter:label2\" content=\"Gesch\u00e4tzte Lesezeit\" \/>\n\t<meta name=\"twitter:data2\" content=\"3\u00a0Minuten\" \/>\n<script type=\"application\/ld+json\" class=\"yoast-schema-graph\">{\"@context\":\"https:\\\/\\\/schema.org\",\"@graph\":[{\"@type\":\"Article\",\"@id\":\"https:\\\/\\\/insideyoga.org\\\/blog\\\/disney-day-at-the-european-summit\\\/#article\",\"isPartOf\":{\"@id\":\"https:\\\/\\\/insideyoga.org\\\/blog\\\/disney-day-at-the-european-summit\\\/\"},\"author\":{\"name\":\"saskia-insideflow\",\"@id\":\"https:\\\/\\\/insideyoga.org\\\/#\\\/schema\\\/person\\\/93ac27977eda6c5b90cead8b5811ee16\"},\"headline\":\"Disney Day beim European Summit auf Mallorca, Spanien\",\"datePublished\":\"2024-03-21T10:00:39+00:00\",\"dateModified\":\"2024-05-08T12:44:21+00:00\",\"mainEntityOfPage\":{\"@id\":\"https:\\\/\\\/insideyoga.org\\\/blog\\\/disney-day-at-the-european-summit\\\/\"},\"wordCount\":374,\"commentCount\":0,\"publisher\":{\"@id\":\"https:\\\/\\\/insideyoga.org\\\/#organization\"},\"image\":{\"@id\":\"https:\\\/\\\/insideyoga.org\\\/blog\\\/disney-day-at-the-european-summit\\\/#primaryimage\"},\"thumbnailUrl\":\"https:\\\/\\\/insideyoga.org\\\/wp-content\\\/uploads\\\/2024\\\/03\\\/Header-Image-Inside-Magazine.jpg\",\"articleSection\":[\"News\"],\"inLanguage\":\"de\",\"potentialAction\":[{\"@type\":\"CommentAction\",\"name\":\"Comment\",\"target\":[\"https:\\\/\\\/insideyoga.org\\\/blog\\\/disney-day-at-the-european-summit\\\/#respond\"]}]},{\"@type\":\"WebPage\",\"@id\":\"https:\\\/\\\/insideyoga.org\\\/blog\\\/disney-day-at-the-european-summit\\\/\",\"url\":\"https:\\\/\\\/insideyoga.org\\\/blog\\\/disney-day-at-the-european-summit\\\/\",\"name\":\"Disney Day beim European Summit auf Mallorca, Spanien - insideyoga.org\",\"isPartOf\":{\"@id\":\"https:\\\/\\\/insideyoga.org\\\/#website\"},\"primaryImageOfPage\":{\"@id\":\"https:\\\/\\\/insideyoga.org\\\/blog\\\/disney-day-at-the-european-summit\\\/#primaryimage\"},\"image\":{\"@id\":\"https:\\\/\\\/insideyoga.org\\\/blog\\\/disney-day-at-the-european-summit\\\/#primaryimage\"},\"thumbnailUrl\":\"https:\\\/\\\/insideyoga.org\\\/wp-content\\\/uploads\\\/2024\\\/03\\\/Header-Image-Inside-Magazine.jpg\",\"datePublished\":\"2024-03-21T10:00:39+00:00\",\"dateModified\":\"2024-05-08T12:44:21+00:00\",\"breadcrumb\":{\"@id\":\"https:\\\/\\\/insideyoga.org\\\/blog\\\/disney-day-at-the-european-summit\\\/#breadcrumb\"},\"inLanguage\":\"de\",\"potentialAction\":[{\"@type\":\"ReadAction\",\"target\":[\"https:\\\/\\\/insideyoga.org\\\/blog\\\/disney-day-at-the-european-summit\\\/\"]}]},{\"@type\":\"ImageObject\",\"inLanguage\":\"de\",\"@id\":\"https:\\\/\\\/insideyoga.org\\\/blog\\\/disney-day-at-the-european-summit\\\/#primaryimage\",\"url\":\"https:\\\/\\\/insideyoga.org\\\/wp-content\\\/uploads\\\/2024\\\/03\\\/Header-Image-Inside-Magazine.jpg\",\"contentUrl\":\"https:\\\/\\\/insideyoga.org\\\/wp-content\\\/uploads\\\/2024\\\/03\\\/Header-Image-Inside-Magazine.jpg\",\"width\":1350,\"height\":724},{\"@type\":\"BreadcrumbList\",\"@id\":\"https:\\\/\\\/insideyoga.org\\\/blog\\\/disney-day-at-the-european-summit\\\/#breadcrumb\",\"itemListElement\":[{\"@type\":\"ListItem\",\"position\":1,\"name\":\"Home\",\"item\":\"https:\\\/\\\/insideyoga.org\\\/de\\\/\"},{\"@type\":\"ListItem\",\"position\":2,\"name\":\"Disney Day beim European Summit auf Mallorca, Spanien\"}]},{\"@type\":\"WebSite\",\"@id\":\"https:\\\/\\\/insideyoga.org\\\/#website\",\"url\":\"https:\\\/\\\/insideyoga.org\\\/\",\"name\":\"insideyoga.org\",\"description\":\"The home of Inside Yoga &amp; Inside Flow\",\"publisher\":{\"@id\":\"https:\\\/\\\/insideyoga.org\\\/#organization\"},\"potentialAction\":[{\"@type\":\"SearchAction\",\"target\":{\"@type\":\"EntryPoint\",\"urlTemplate\":\"https:\\\/\\\/insideyoga.org\\\/?s={search_term_string}\"},\"query-input\":{\"@type\":\"PropertyValueSpecification\",\"valueRequired\":true,\"valueName\":\"search_term_string\"}}],\"inLanguage\":\"de\"},{\"@type\":\"Organization\",\"@id\":\"https:\\\/\\\/insideyoga.org\\\/#organization\",\"name\":\"insideyoga.org\",\"url\":\"https:\\\/\\\/insideyoga.org\\\/\",\"logo\":{\"@type\":\"ImageObject\",\"inLanguage\":\"de\",\"@id\":\"https:\\\/\\\/insideyoga.org\\\/#\\\/schema\\\/logo\\\/image\\\/\",\"url\":\"https:\\\/\\\/insideyoga.org\\\/wp-content\\\/uploads\\\/2022\\\/10\\\/insideyoga-org-meta1.jpg\",\"contentUrl\":\"https:\\\/\\\/insideyoga.org\\\/wp-content\\\/uploads\\\/2022\\\/10\\\/insideyoga-org-meta1.jpg\",\"width\":800,\"height\":500,\"caption\":\"insideyoga.org\"},\"image\":{\"@id\":\"https:\\\/\\\/insideyoga.org\\\/#\\\/schema\\\/logo\\\/image\\\/\"}},{\"@type\":\"Person\",\"@id\":\"https:\\\/\\\/insideyoga.org\\\/#\\\/schema\\\/person\\\/93ac27977eda6c5b90cead8b5811ee16\",\"name\":\"saskia-insideflow\",\"image\":{\"@type\":\"ImageObject\",\"inLanguage\":\"de\",\"@id\":\"https:\\\/\\\/secure.gravatar.com\\\/avatar\\\/3adadc48c1dddb3941b1a4682f105017a2bef37b0c2cdd0b086c6d221ec92759?s=96&d=mm&r=g\",\"url\":\"https:\\\/\\\/secure.gravatar.com\\\/avatar\\\/3adadc48c1dddb3941b1a4682f105017a2bef37b0c2cdd0b086c6d221ec92759?s=96&d=mm&r=g\",\"contentUrl\":\"https:\\\/\\\/secure.gravatar.com\\\/avatar\\\/3adadc48c1dddb3941b1a4682f105017a2bef37b0c2cdd0b086c6d221ec92759?s=96&d=mm&r=g\",\"caption\":\"saskia-insideflow\"},\"url\":\"https:\\\/\\\/insideyoga.org\\\/de\\\/blog\\\/author\\\/saskia-insideflow\\\/\"}]}<\/script>\n<!-- \/ Yoast SEO plugin. -->","yoast_head_json":{"title":"Disney Day beim European Summit auf Mallorca, Spanien - insideyoga.org","robots":{"index":"index","follow":"follow","max-snippet":"max-snippet:-1","max-image-preview":"max-image-preview:large","max-video-preview":"max-video-preview:-1"},"canonical":"https:\/\/insideyoga.org\/blog\/disney-day-at-the-european-summit\/","og_locale":"de_DE","og_type":"article","og_title":"Disney Day beim European Summit auf Mallorca, Spanien - insideyoga.org","og_description":"Nur noch 2 Monate bis die Inside Flow Community beim European Summit zusammen flowed! Nach mehreren kreativen Brainstormings ist die Entscheidung gefallen: Es gibt so viele Disney-Songs, die sich perfekt zum Mitsingen eignen, dass ein ganzer Tag ganz im Zeichen von Disney stehen soll. Wenn du letztes Jahr dabei warst, erinnerst du dich wahrscheinlich an [&hellip;]","og_url":"https:\/\/insideyoga.org\/blog\/disney-day-at-the-european-summit\/","og_site_name":"insideyoga.org","article_published_time":"2024-03-21T10:00:39+00:00","article_modified_time":"2024-05-08T12:44:21+00:00","og_image":[{"width":1350,"height":724,"url":"https:\/\/insideyoga.org\/wp-content\/uploads\/2024\/03\/Header-Image-Inside-Magazine.jpg","type":"image\/jpeg"}],"author":"saskia-insideflow","twitter_card":"summary_large_image","twitter_misc":{"Verfasst von":"saskia-insideflow","Gesch\u00e4tzte Lesezeit":"3\u00a0Minuten"},"schema":{"@context":"https:\/\/schema.org","@graph":[{"@type":"Article","@id":"https:\/\/insideyoga.org\/blog\/disney-day-at-the-european-summit\/#article","isPartOf":{"@id":"https:\/\/insideyoga.org\/blog\/disney-day-at-the-european-summit\/"},"author":{"name":"saskia-insideflow","@id":"https:\/\/insideyoga.org\/#\/schema\/person\/93ac27977eda6c5b90cead8b5811ee16"},"headline":"Disney Day beim European Summit auf Mallorca, Spanien","datePublished":"2024-03-21T10:00:39+00:00","dateModified":"2024-05-08T12:44:21+00:00","mainEntityOfPage":{"@id":"https:\/\/insideyoga.org\/blog\/disney-day-at-the-european-summit\/"},"wordCount":374,"commentCount":0,"publisher":{"@id":"https:\/\/insideyoga.org\/#organization"},"image":{"@id":"https:\/\/insideyoga.org\/blog\/disney-day-at-the-european-summit\/#primaryimage"},"thumbnailUrl":"https:\/\/insideyoga.org\/wp-content\/uploads\/2024\/03\/Header-Image-Inside-Magazine.jpg","articleSection":["News"],"inLanguage":"de","potentialAction":[{"@type":"CommentAction","name":"Comment","target":["https:\/\/insideyoga.org\/blog\/disney-day-at-the-european-summit\/#respond"]}]},{"@type":"WebPage","@id":"https:\/\/insideyoga.org\/blog\/disney-day-at-the-european-summit\/","url":"https:\/\/insideyoga.org\/blog\/disney-day-at-the-european-summit\/","name":"Disney Day beim European Summit auf Mallorca, Spanien - insideyoga.org","isPartOf":{"@id":"https:\/\/insideyoga.org\/#website"},"primaryImageOfPage":{"@id":"https:\/\/insideyoga.org\/blog\/disney-day-at-the-european-summit\/#primaryimage"},"image":{"@id":"https:\/\/insideyoga.org\/blog\/disney-day-at-the-european-summit\/#primaryimage"},"thumbnailUrl":"https:\/\/insideyoga.org\/wp-content\/uploads\/2024\/03\/Header-Image-Inside-Magazine.jpg","datePublished":"2024-03-21T10:00:39+00:00","dateModified":"2024-05-08T12:44:21+00:00","breadcrumb":{"@id":"https:\/\/insideyoga.org\/blog\/disney-day-at-the-european-summit\/#breadcrumb"},"inLanguage":"de","potentialAction":[{"@type":"ReadAction","target":["https:\/\/insideyoga.org\/blog\/disney-day-at-the-european-summit\/"]}]},{"@type":"ImageObject","inLanguage":"de","@id":"https:\/\/insideyoga.org\/blog\/disney-day-at-the-european-summit\/#primaryimage","url":"https:\/\/insideyoga.org\/wp-content\/uploads\/2024\/03\/Header-Image-Inside-Magazine.jpg","contentUrl":"https:\/\/insideyoga.org\/wp-content\/uploads\/2024\/03\/Header-Image-Inside-Magazine.jpg","width":1350,"height":724},{"@type":"BreadcrumbList","@id":"https:\/\/insideyoga.org\/blog\/disney-day-at-the-european-summit\/#breadcrumb","itemListElement":[{"@type":"ListItem","position":1,"name":"Home","item":"https:\/\/insideyoga.org\/de\/"},{"@type":"ListItem","position":2,"name":"Disney Day beim European Summit auf Mallorca, Spanien"}]},{"@type":"WebSite","@id":"https:\/\/insideyoga.org\/#website","url":"https:\/\/insideyoga.org\/","name":"insideyoga.org","description":"The home of Inside Yoga &amp; Inside Flow","publisher":{"@id":"https:\/\/insideyoga.org\/#organization"},"potentialAction":[{"@type":"SearchAction","target":{"@type":"EntryPoint","urlTemplate":"https:\/\/insideyoga.org\/?s={search_term_string}"},"query-input":{"@type":"PropertyValueSpecification","valueRequired":true,"valueName":"search_term_string"}}],"inLanguage":"de"},{"@type":"Organization","@id":"https:\/\/insideyoga.org\/#organization","name":"insideyoga.org","url":"https:\/\/insideyoga.org\/","logo":{"@type":"ImageObject","inLanguage":"de","@id":"https:\/\/insideyoga.org\/#\/schema\/logo\/image\/","url":"https:\/\/insideyoga.org\/wp-content\/uploads\/2022\/10\/insideyoga-org-meta1.jpg","contentUrl":"https:\/\/insideyoga.org\/wp-content\/uploads\/2022\/10\/insideyoga-org-meta1.jpg","width":800,"height":500,"caption":"insideyoga.org"},"image":{"@id":"https:\/\/insideyoga.org\/#\/schema\/logo\/image\/"}},{"@type":"Person","@id":"https:\/\/insideyoga.org\/#\/schema\/person\/93ac27977eda6c5b90cead8b5811ee16","name":"saskia-insideflow","image":{"@type":"ImageObject","inLanguage":"de","@id":"https:\/\/secure.gravatar.com\/avatar\/3adadc48c1dddb3941b1a4682f105017a2bef37b0c2cdd0b086c6d221ec92759?s=96&d=mm&r=g","url":"https:\/\/secure.gravatar.com\/avatar\/3adadc48c1dddb3941b1a4682f105017a2bef37b0c2cdd0b086c6d221ec92759?s=96&d=mm&r=g","contentUrl":"https:\/\/secure.gravatar.com\/avatar\/3adadc48c1dddb3941b1a4682f105017a2bef37b0c2cdd0b086c6d221ec92759?s=96&d=mm&r=g","caption":"saskia-insideflow"},"url":"https:\/\/insideyoga.org\/de\/blog\/author\/saskia-insideflow\/"}]}},"_links":{"self":[{"href":"https:\/\/insideyoga.org\/de\/wp-json\/wp\/v2\/posts\/169623","targetHints":{"allow":["GET"]}}],"collection":[{"href":"https:\/\/insideyoga.org\/de\/wp-json\/wp\/v2\/posts"}],"about":[{"href":"https:\/\/insideyoga.org\/de\/wp-json\/wp\/v2\/types\/post"}],"author":[{"embeddable":true,"href":"https:\/\/insideyoga.org\/de\/wp-json\/wp\/v2\/users\/13"}],"replies":[{"embeddable":true,"href":"https:\/\/insideyoga.org\/de\/wp-json\/wp\/v2\/comments?post=169623"}],"version-history":[{"count":3,"href":"https:\/\/insideyoga.org\/de\/wp-json\/wp\/v2\/posts\/169623\/revisions"}],"predecessor-version":[{"id":169632,"href":"https:\/\/insideyoga.org\/de\/wp-json\/wp\/v2\/posts\/169623\/revisions\/169632"}],"wp:featuredmedia":[{"embeddable":true,"href":"https:\/\/insideyoga.org\/de\/wp-json\/wp\/v2\/media\/169624"}],"wp:attachment":[{"href":"https:\/\/insideyoga.org\/de\/wp-json\/wp\/v2\/media?parent=169623"}],"wp:term":[{"taxonomy":"category","embeddable":true,"href":"https:\/\/insideyoga.org\/de\/wp-json\/wp\/v2\/categories?post=169623"},{"taxonomy":"post_tag","embeddable":true,"href":"https:\/\/insideyoga.org\/de\/wp-json\/wp\/v2\/tags?post=169623"}],"curies":[{"name":"wp","href":"https:\/\/api.w.org\/{rel}","templated":true}]}}